{"id":1975,"date":"2026-08-25T11:31:05","date_gmt":"2026-08-25T09:31:05","guid":{"rendered":"https:\/\/www.flostanek.at\/?p=1975"},"modified":"2026-09-03T11:36:50","modified_gmt":"2026-09-03T09:36:50","slug":"conferencier-in-cabaret-in-berlin-2","status":"publish","type":"post","link":"https:\/\/www.flostanek.at\/en\/conferencier-in-cabaret-in-berlin-2\/","title":{"rendered":"Conf\u00e9rencier in Cabaret in Berlin"},"content":{"rendered":"<p class=\"wp-block-paragraph\">Ich freue mich, seit 2019 nun zum f\u00fcnften Mal f\u00fcr einige Wochen die Rolle des &#8222;Conf\u00e9renciers&#8220; in der legend\u00e4ren Musicalproduktion des Tipi am Kanzleramt Berlin \u00fcbernehmen zu d\u00fcrfen. Viele tolle neue Kollegen sind dabei und verleihen dieser erprobten Inszenierung jeden Abend einen neuen Zauber. Ich spiele fast allabendlich von 25.8.-20.9.2026.<\/p>\n\n\n\n<p class=\"wp-block-paragraph\">Tickets: <a href=\"https:\/\/www.tipi-am-kanzleramt.de\/de\/programm\/programmuebersicht\/cabaret-musical-berlin.html\">Tipi am Kanzleramt<\/a><\/p>\n\n\n\n<figure class=\"wp-block-image size-full is-resized\"><a href=\"https:\/\/www.flostanek.at\/wp-content\/uploads\/2026\/09\/web_CABARET_270826-62-AnnaPermesang-1.jpg\"><img fetchpriority=\"high\" decoding=\"async\" width=\"1080\" height=\"1618\" src=\"https:\/\/www.flostanek.at\/wp-content\/uploads\/2026\/09\/web_CABARET_270826-62-AnnaPermesang-1.jpg\" alt=\"\" class=\"wp-image-1978\" style=\"aspect-ratio:0.6674944127141793;width:526px;height:auto\" srcset=\"https:\/\/www.flostanek.at\/wp-content\/uploads\/2026\/09\/web_CABARET_270826-62-AnnaPermesang-1.jpg 1080w, https:\/\/www.flostanek.at\/wp-content\/uploads\/2026\/09\/web_CABARET_270826-62-AnnaPermesang-1-1025x1536.jpg 1025w, https:\/\/www.flostanek.at\/wp-content\/uploads\/2026\/09\/web_CABARET_270826-62-AnnaPermesang-1-8x12.jpg 8w\" sizes=\"(max-width: 1080px) 100vw, 1080px\" \/><\/a><\/figure>\n\n\n\n<p class=\"wp-block-paragraph\"><em>Foto: Anna Permesang<\/em><\/p>\n\n\n\n<p class=\"wp-block-paragraph\"><\/p>","protected":false},"excerpt":{"rendered":"<p>Ich freue mich, seit 2019 nun zum f\u00fcnften Mal f\u00fcr einige Wochen die Rolle des &#8222;Conf\u00e9renciers&#8220; in der legend\u00e4ren Musicalproduktion des Tipi am Kanzleramt Berlin \u00fcbernehmen zu d\u00fcrfen. Viele tolle neue Kollegen sind dabei und verleihen dieser erprobten Inszenierung jeden Abend einen neuen Zauber. Ich spiele fast allabendlich von 25.8.-20.9.2026. Tickets: Tipi am Kanzleramt Foto: [&hellip;]<\/p>\n","protected":false},"author":1,"featured_media":0,"comment_status":"closed","ping_status":"closed","sticky":false,"template":"","format":"standard","meta":{"_monsterinsights_skip_tracking":false,"footnotes":""},"categories":[25],"tags":[],"class_list":["post-1975","post","type-post","status-publish","format-standard","hentry","category-actor"],"yoast_head":"<!-- This site is optimized with the Yoast SEO plugin v28.4 - https:\/\/yoast.com\/product\/yoast-seo-wordpress\/ -->\n<title>Conf\u00e9rencier in Cabaret in Berlin - Florian Stanek<\/title>\n<meta name=\"robots\" content=\"index, follow, max-snippet:-1, max-image-preview:large, max-video-preview:-1\" \/>\n<link rel=\"canonical\" href=\"https:\/\/www.flostanek.at\/en\/conferencier-in-cabaret-in-berlin-2\/\" \/>\n<meta property=\"og:locale\" content=\"en_GB\" \/>\n<meta property=\"og:type\" content=\"article\" \/>\n<meta property=\"og:title\" content=\"Conf\u00e9rencier in Cabaret in Berlin - Florian Stanek\" \/>\n<meta property=\"og:description\" content=\"Ich freue mich, seit 2019 nun zum f\u00fcnften Mal f\u00fcr einige Wochen die Rolle des &#8222;Conf\u00e9renciers&#8220; in der legend\u00e4ren Musicalproduktion des Tipi am Kanzleramt Berlin \u00fcbernehmen zu d\u00fcrfen. Viele tolle neue Kollegen sind dabei und verleihen dieser erprobten Inszenierung jeden Abend einen neuen Zauber. Ich spiele fast allabendlich von 25.8.-20.9.2026. Tickets: Tipi am Kanzleramt Foto: [&hellip;]\" \/>\n<meta property=\"og:url\" content=\"https:\/\/www.flostanek.at\/en\/conferencier-in-cabaret-in-berlin-2\/\" \/>\n<meta property=\"og:site_name\" content=\"Florian Stanek\" \/>\n<meta property=\"article:author\" content=\"https:\/\/www.facebook.com\/flo.stanek.9\" \/>\n<meta property=\"article:published_time\" content=\"2026-08-25T09:31:05+00:00\" \/>\n<meta property=\"article:modified_time\" content=\"2026-09-03T09:36:50+00:00\" \/>\n<meta property=\"og:image\" content=\"https:\/\/www.flostanek.at\/wp-content\/uploads\/2026\/09\/web_CABARET_270826-62-AnnaPermesang-1.jpg\" \/>\n\t<meta property=\"og:image:width\" content=\"1080\" \/>\n\t<meta property=\"og:image:height\" content=\"1618\" \/>\n\t<meta property=\"og:image:type\" content=\"image\/jpeg\" \/>\n<meta name=\"author\" content=\"Florian Stanek\" \/>\n<meta name=\"twitter:card\" content=\"summary_large_image\" \/>\n<meta name=\"twitter:label1\" content=\"Written by\" \/>\n\t<meta name=\"twitter:data1\" content=\"Florian Stanek\" \/>\n\t<meta name=\"twitter:label2\" content=\"Est. reading time\" \/>\n\t<meta name=\"twitter:data2\" content=\"1 minute\" \/>\n<script type=\"application\/ld+json\" class=\"yoast-schema-graph\">{\"@context\":\"https:\\\/\\\/schema.org\",\"@graph\":[{\"@type\":\"Article\",\"@id\":\"https:\\\/\\\/www.flostanek.at\\\/conferencier-in-cabaret-in-berlin-2\\\/#article\",\"isPartOf\":{\"@id\":\"https:\\\/\\\/www.flostanek.at\\\/conferencier-in-cabaret-in-berlin-2\\\/\"},\"author\":{\"name\":\"Florian Stanek\",\"@id\":\"https:\\\/\\\/www.flostanek.at\\\/#\\\/schema\\\/person\\\/651177b66a5f3357885ad54e9aab6f54\"},\"headline\":\"Conf\u00e9rencier in Cabaret in Berlin\",\"datePublished\":\"2026-08-25T09:31:05+00:00\",\"dateModified\":\"2026-09-03T09:36:50+00:00\",\"mainEntityOfPage\":{\"@id\":\"https:\\\/\\\/www.flostanek.at\\\/conferencier-in-cabaret-in-berlin-2\\\/\"},\"wordCount\":67,\"image\":{\"@id\":\"https:\\\/\\\/www.flostanek.at\\\/conferencier-in-cabaret-in-berlin-2\\\/#primaryimage\"},\"thumbnailUrl\":\"https:\\\/\\\/www.flostanek.at\\\/wp-content\\\/uploads\\\/2026\\\/09\\\/web_CABARET_270826-62-AnnaPermesang-1.jpg\",\"articleSection\":[\"Schauspieler | S\u00e4nger\"],\"inLanguage\":\"en-GB\"},{\"@type\":\"WebPage\",\"@id\":\"https:\\\/\\\/www.flostanek.at\\\/conferencier-in-cabaret-in-berlin-2\\\/\",\"url\":\"https:\\\/\\\/www.flostanek.at\\\/conferencier-in-cabaret-in-berlin-2\\\/\",\"name\":\"Conf\u00e9rencier in Cabaret in Berlin - Florian Stanek\",\"isPartOf\":{\"@id\":\"https:\\\/\\\/www.flostanek.at\\\/#website\"},\"primaryImageOfPage\":{\"@id\":\"https:\\\/\\\/www.flostanek.at\\\/conferencier-in-cabaret-in-berlin-2\\\/#primaryimage\"},\"image\":{\"@id\":\"https:\\\/\\\/www.flostanek.at\\\/conferencier-in-cabaret-in-berlin-2\\\/#primaryimage\"},\"thumbnailUrl\":\"https:\\\/\\\/www.flostanek.at\\\/wp-content\\\/uploads\\\/2026\\\/09\\\/web_CABARET_270826-62-AnnaPermesang-1.jpg\",\"datePublished\":\"2026-08-25T09:31:05+00:00\",\"dateModified\":\"2026-09-03T09:36:50+00:00\",\"author\":{\"@id\":\"https:\\\/\\\/www.flostanek.at\\\/#\\\/schema\\\/person\\\/651177b66a5f3357885ad54e9aab6f54\"},\"breadcrumb\":{\"@id\":\"https:\\\/\\\/www.flostanek.at\\\/conferencier-in-cabaret-in-berlin-2\\\/#breadcrumb\"},\"inLanguage\":\"en-GB\",\"potentialAction\":[{\"@type\":\"ReadAction\",\"target\":[\"https:\\\/\\\/www.flostanek.at\\\/conferencier-in-cabaret-in-berlin-2\\\/\"]}]},{\"@type\":\"ImageObject\",\"inLanguage\":\"en-GB\",\"@id\":\"https:\\\/\\\/www.flostanek.at\\\/conferencier-in-cabaret-in-berlin-2\\\/#primaryimage\",\"url\":\"https:\\\/\\\/www.flostanek.at\\\/wp-content\\\/uploads\\\/2026\\\/09\\\/web_CABARET_270826-62-AnnaPermesang-1.jpg\",\"contentUrl\":\"https:\\\/\\\/www.flostanek.at\\\/wp-content\\\/uploads\\\/2026\\\/09\\\/web_CABARET_270826-62-AnnaPermesang-1.jpg\"},{\"@type\":\"BreadcrumbList\",\"@id\":\"https:\\\/\\\/www.flostanek.at\\\/conferencier-in-cabaret-in-berlin-2\\\/#breadcrumb\",\"itemListElement\":[{\"@type\":\"ListItem\",\"position\":1,\"name\":\"Startseite\",\"item\":\"https:\\\/\\\/www.flostanek.at\\\/\"},{\"@type\":\"ListItem\",\"position\":2,\"name\":\"Conf\u00e9rencier in Cabaret in Berlin\"}]},{\"@type\":\"WebSite\",\"@id\":\"https:\\\/\\\/www.flostanek.at\\\/#website\",\"url\":\"https:\\\/\\\/www.flostanek.at\\\/\",\"name\":\"Florian Stanek\",\"description\":\"\",\"potentialAction\":[{\"@type\":\"SearchAction\",\"target\":{\"@type\":\"EntryPoint\",\"urlTemplate\":\"https:\\\/\\\/www.flostanek.at\\\/?s={search_term_string}\"},\"query-input\":{\"@type\":\"PropertyValueSpecification\",\"valueRequired\":true,\"valueName\":\"search_term_string\"}}],\"inLanguage\":\"en-GB\"},{\"@type\":\"Person\",\"@id\":\"https:\\\/\\\/www.flostanek.at\\\/#\\\/schema\\\/person\\\/651177b66a5f3357885ad54e9aab6f54\",\"name\":\"Florian Stanek\",\"description\":\"Florian Stanek ist ein \u00f6sterreichischer Schauspieler, S\u00e4nger und Autor.\",\"sameAs\":[\"https:\\\/\\\/www.facebook.com\\\/flo.stanek.9\",\"https:\\\/\\\/www.instagram.com\\\/flo.stanek\\\/\",\"https:\\\/\\\/www.youtube.com\\\/channel\\\/UCNspFCdceFjDbGCcPxTE1mg\\\/videos\"],\"url\":\"https:\\\/\\\/www.flostanek.at\\\/en\\\/author\\\/flostanek\\\/\"}]}<\/script>\n<!-- \/ Yoast SEO plugin. -->","yoast_head_json":{"title":"Conf\u00e9rencier in Cabaret in Berlin - Florian Stanek","robots":{"index":"index","follow":"follow","max-snippet":"max-snippet:-1","max-image-preview":"max-image-preview:large","max-video-preview":"max-video-preview:-1"},"canonical":"https:\/\/www.flostanek.at\/en\/conferencier-in-cabaret-in-berlin-2\/","og_locale":"en_GB","og_type":"article","og_title":"Conf\u00e9rencier in Cabaret in Berlin - Florian Stanek","og_description":"Ich freue mich, seit 2019 nun zum f\u00fcnften Mal f\u00fcr einige Wochen die Rolle des &#8222;Conf\u00e9renciers&#8220; in der legend\u00e4ren Musicalproduktion des Tipi am Kanzleramt Berlin \u00fcbernehmen zu d\u00fcrfen. Viele tolle neue Kollegen sind dabei und verleihen dieser erprobten Inszenierung jeden Abend einen neuen Zauber. Ich spiele fast allabendlich von 25.8.-20.9.2026. Tickets: Tipi am Kanzleramt Foto: [&hellip;]","og_url":"https:\/\/www.flostanek.at\/en\/conferencier-in-cabaret-in-berlin-2\/","og_site_name":"Florian Stanek","article_author":"https:\/\/www.facebook.com\/flo.stanek.9","article_published_time":"2026-08-25T09:31:05+00:00","article_modified_time":"2026-09-03T09:36:50+00:00","og_image":[{"width":1080,"height":1618,"url":"https:\/\/www.flostanek.at\/wp-content\/uploads\/2026\/09\/web_CABARET_270826-62-AnnaPermesang-1.jpg","type":"image\/jpeg"}],"author":"Florian Stanek","twitter_card":"summary_large_image","twitter_misc":{"Written by":"Florian Stanek","Est. reading time":"1 minute"},"schema":{"@context":"https:\/\/schema.org","@graph":[{"@type":"Article","@id":"https:\/\/www.flostanek.at\/conferencier-in-cabaret-in-berlin-2\/#article","isPartOf":{"@id":"https:\/\/www.flostanek.at\/conferencier-in-cabaret-in-berlin-2\/"},"author":{"name":"Florian Stanek","@id":"https:\/\/www.flostanek.at\/#\/schema\/person\/651177b66a5f3357885ad54e9aab6f54"},"headline":"Conf\u00e9rencier in Cabaret in Berlin","datePublished":"2026-08-25T09:31:05+00:00","dateModified":"2026-09-03T09:36:50+00:00","mainEntityOfPage":{"@id":"https:\/\/www.flostanek.at\/conferencier-in-cabaret-in-berlin-2\/"},"wordCount":67,"image":{"@id":"https:\/\/www.flostanek.at\/conferencier-in-cabaret-in-berlin-2\/#primaryimage"},"thumbnailUrl":"https:\/\/www.flostanek.at\/wp-content\/uploads\/2026\/09\/web_CABARET_270826-62-AnnaPermesang-1.jpg","articleSection":["Schauspieler | S\u00e4nger"],"inLanguage":"en-GB"},{"@type":"WebPage","@id":"https:\/\/www.flostanek.at\/conferencier-in-cabaret-in-berlin-2\/","url":"https:\/\/www.flostanek.at\/conferencier-in-cabaret-in-berlin-2\/","name":"Conf\u00e9rencier in Cabaret in Berlin - Florian Stanek","isPartOf":{"@id":"https:\/\/www.flostanek.at\/#website"},"primaryImageOfPage":{"@id":"https:\/\/www.flostanek.at\/conferencier-in-cabaret-in-berlin-2\/#primaryimage"},"image":{"@id":"https:\/\/www.flostanek.at\/conferencier-in-cabaret-in-berlin-2\/#primaryimage"},"thumbnailUrl":"https:\/\/www.flostanek.at\/wp-content\/uploads\/2026\/09\/web_CABARET_270826-62-AnnaPermesang-1.jpg","datePublished":"2026-08-25T09:31:05+00:00","dateModified":"2026-09-03T09:36:50+00:00","author":{"@id":"https:\/\/www.flostanek.at\/#\/schema\/person\/651177b66a5f3357885ad54e9aab6f54"},"breadcrumb":{"@id":"https:\/\/www.flostanek.at\/conferencier-in-cabaret-in-berlin-2\/#breadcrumb"},"inLanguage":"en-GB","potentialAction":[{"@type":"ReadAction","target":["https:\/\/www.flostanek.at\/conferencier-in-cabaret-in-berlin-2\/"]}]},{"@type":"ImageObject","inLanguage":"en-GB","@id":"https:\/\/www.flostanek.at\/conferencier-in-cabaret-in-berlin-2\/#primaryimage","url":"https:\/\/www.flostanek.at\/wp-content\/uploads\/2026\/09\/web_CABARET_270826-62-AnnaPermesang-1.jpg","contentUrl":"https:\/\/www.flostanek.at\/wp-content\/uploads\/2026\/09\/web_CABARET_270826-62-AnnaPermesang-1.jpg"},{"@type":"BreadcrumbList","@id":"https:\/\/www.flostanek.at\/conferencier-in-cabaret-in-berlin-2\/#breadcrumb","itemListElement":[{"@type":"ListItem","position":1,"name":"Startseite","item":"https:\/\/www.flostanek.at\/"},{"@type":"ListItem","position":2,"name":"Conf\u00e9rencier in Cabaret in Berlin"}]},{"@type":"WebSite","@id":"https:\/\/www.flostanek.at\/#website","url":"https:\/\/www.flostanek.at\/","name":"Florian Stanek","description":"","potentialAction":[{"@type":"SearchAction","target":{"@type":"EntryPoint","urlTemplate":"https:\/\/www.flostanek.at\/?s={search_term_string}"},"query-input":{"@type":"PropertyValueSpecification","valueRequired":true,"valueName":"search_term_string"}}],"inLanguage":"en-GB"},{"@type":"Person","@id":"https:\/\/www.flostanek.at\/#\/schema\/person\/651177b66a5f3357885ad54e9aab6f54","name":"Florian Stanek","description":"Florian Stanek ist ein \u00f6sterreichischer Schauspieler, S\u00e4nger und Autor.","sameAs":["https:\/\/www.facebook.com\/flo.stanek.9","https:\/\/www.instagram.com\/flo.stanek\/","https:\/\/www.youtube.com\/channel\/UCNspFCdceFjDbGCcPxTE1mg\/videos"],"url":"https:\/\/www.flostanek.at\/en\/author\/flostanek\/"}]}},"_links":{"self":[{"href":"https:\/\/www.flostanek.at\/en\/wp-json\/wp\/v2\/posts\/1975","targetHints":{"allow":["GET"]}}],"collection":[{"href":"https:\/\/www.flostanek.at\/en\/wp-json\/wp\/v2\/posts"}],"about":[{"href":"https:\/\/www.flostanek.at\/en\/wp-json\/wp\/v2\/types\/post"}],"author":[{"embeddable":true,"href":"https:\/\/www.flostanek.at\/en\/wp-json\/wp\/v2\/users\/1"}],"replies":[{"embeddable":true,"href":"https:\/\/www.flostanek.at\/en\/wp-json\/wp\/v2\/comments?post=1975"}],"version-history":[{"count":1,"href":"https:\/\/www.flostanek.at\/en\/wp-json\/wp\/v2\/posts\/1975\/revisions"}],"predecessor-version":[{"id":1979,"href":"https:\/\/www.flostanek.at\/en\/wp-json\/wp\/v2\/posts\/1975\/revisions\/1979"}],"wp:attachment":[{"href":"https:\/\/www.flostanek.at\/en\/wp-json\/wp\/v2\/media?parent=1975"}],"wp:term":[{"taxonomy":"category","embeddable":true,"href":"https:\/\/www.flostanek.at\/en\/wp-json\/wp\/v2\/categories?post=1975"},{"taxonomy":"post_tag","embeddable":true,"href":"https:\/\/www.flostanek.at\/en\/wp-json\/wp\/v2\/tags?post=1975"}],"curies":[{"name":"wp","href":"https:\/\/api.w.org\/{rel}","templated":true}]}}